{"id":2025,"date":"2025-04-02T11:36:24","date_gmt":"2025-04-02T11:36:24","guid":{"rendered":"https:\/\/digylid.uv.es\/?p=2025"},"modified":"2025-05-16T07:52:43","modified_gmt":"2025-05-16T07:52:43","slug":"i-congreso-sobre-liderazgo-y-digitalizacion","status":"publish","type":"post","link":"https:\/\/digylid.uv.es\/?p=2025","title":{"rendered":"Convocatoria I Congreso sobre Liderazgo y Digitalizaci\u00f3n"},"content":{"rendered":"\n<p class=\"has-ast-global-color-1-color has-text-color has-link-color wp-elements-c851274b9a7bc941bdfcdfbce70eacce\">El pr\u00f3ximo 7 de mayo de 2025, la Universidad de Valencia y Digylid acoger\u00e1n el I Congreso sobre Liderazgo y Digitalizaci\u00f3n, un evento centrado en los retos y oportunidades que presenta la digitalizaci\u00f3n para el desarrollo de competencias de liderazgo y trabajo en equipo. Este congreso, gratuito y dirigido a acad\u00e9micos, profesionales y estudiantes, se celebrar\u00e1 en el Sal\u00f3n de Actos de la Facultad de Psicolog\u00eda y Logopedia, y ofrecer\u00e1 un programa completo de conferencias, mesas redondas y sesiones de p\u00f3sters.<\/p>\n\n\n\n<figure class=\"wp-block-image size-large\"><img loading=\"lazy\" decoding=\"async\" width=\"724\" height=\"1024\" src=\"https:\/\/digylid.uv.es\/wp-content\/uploads\/2025\/04\/1743157168267-724x1024.jpg\" alt=\"\" class=\"wp-image-2026\" srcset=\"https:\/\/digylid.uv.es\/wp-content\/uploads\/2025\/04\/1743157168267-724x1024.jpg 724w, https:\/\/digylid.uv.es\/wp-content\/uploads\/2025\/04\/1743157168267-212x300.jpg 212w, https:\/\/digylid.uv.es\/wp-content\/uploads\/2025\/04\/1743157168267-768x1086.jpg 768w, https:\/\/digylid.uv.es\/wp-content\/uploads\/2025\/04\/1743157168267-1086x1536.jpg 1086w, https:\/\/digylid.uv.es\/wp-content\/uploads\/2025\/04\/1743157168267.jpg 1241w\" sizes=\"auto, (max-width: 724px) 100vw, 724px\" \/><\/figure>\n\n\n\n<p class=\"has-ast-global-color-2-color has-text-color has-link-color wp-elements-fad4df01e2e674ebdaaf9587bd07d722\">El evento forma parte del proyecto Digylid, que busca mejorar el bienestar y desempe\u00f1o de los teletrabajadores mediante la formaci\u00f3n en competencias de liderazgo a trav\u00e9s de plataformas digitales. Entre los temas a tratar se incluyen la robotizaci\u00f3n, la inteligencia artificial, la digitalizaci\u00f3n del trabajo docente y las competencias digitales del profesorado, as\u00ed como el impacto del teletrabajo en el bienestar laboral y las din\u00e1micas de g\u00e9nero.<\/p>\n\n\n\n<p class=\"has-ast-global-color-1-color has-text-color has-link-color wp-elements-e87d9596cd8e4526a61195783f5d8e34\">El congreso contar\u00e1 con la participaci\u00f3n de destacados ponentes, como la Dra. Isabel Rodr\u00edguez, directora del proyecto Digylid, el Dr. Javier Cantera, experto en bienestar digital, y representantes de diversas instituciones internacionales. Adem\u00e1s, se abrir\u00e1 una convocatoria para la presentaci\u00f3n de p\u00f3sters sobre investigaciones relacionadas con liderazgo en entornos virtuales, impacto de la digitalizaci\u00f3n y estrategias para el teletrabajo.<\/p>\n\n\n\n<p class=\"has-ast-global-color-1-color has-text-color has-link-color wp-elements-2baeb674ef47b6cc067e3a6ad7d952b5\"><strong>Detalles clave del evento:<\/strong><\/p>\n\n\n\n<ul class=\"wp-block-list\">\n<li class=\"has-ast-global-color-2-color has-text-color has-link-color wp-elements-dce5eccd3b88e3bb376cfd056790d403\"><strong>Fecha:<\/strong> 7 de mayo de 2025<\/li>\n\n\n\n<li class=\"has-ast-global-color-2-color has-text-color has-link-color wp-elements-335e7c3a7589ca35048b11de2e172a92\"><strong>Horario:<\/strong> De 8:45 a 13:30 y de 15:30 a 19:00<\/li>\n\n\n\n<li class=\"has-ast-global-color-2-color has-text-color has-link-color wp-elements-5add2c597f7a8ebe30455d82cd7f3ef8\"><strong>Lugar:<\/strong> Sal\u00f3n de actos de la Facultad de Psicolog\u00eda y Logopedia, Universitat de Val\u00e8ncia<\/li>\n\n\n\n<li class=\"has-ast-global-color-2-color has-text-color has-link-color wp-elements-fff5ebbe2c9f821bb01c4d2a691d7b21\"><strong>Inscripci\u00f3n:<\/strong> Gratuita a trav\u00e9s de este sitio en el apartado superior \u00abI Congreso sobre Liderazgo y Digitalizaci\u00f3n\u00bb<\/li>\n\n\n\n<li class=\"has-ast-global-color-2-color has-text-color has-link-color wp-elements-467786f5f41cae7bf4256ce8694ec38d\">Tambi\u00e9n puedes someter tu paper hasta el 17 de abril en la misma web.<\/li>\n<\/ul>\n\n\n\n<p class=\"has-ast-global-color-2-color has-text-color has-link-color wp-elements-d86c778bc3c38ee5cfb707c38d36e4a2\">Este congreso promete ser un espacio \u00fanico para debatir y reflexionar sobre c\u00f3mo la tecnolog\u00eda est\u00e1 transformando el mundo laboral y el liderazgo.<\/p>\n\n\n\n<p><\/p>\n","protected":false},"excerpt":{"rendered":"<p>El pr\u00f3ximo 7 de mayo de 2025, la Universidad de Valencia y Digylid acoger\u00e1n el I Congreso sobre Liderazgo y Digitalizaci\u00f3n, un evento centrado en los retos y oportunidades que presenta la digitalizaci\u00f3n para el desarrollo de competencias de liderazgo y trabajo en equipo. Este congreso, gratuito y dirigido a acad\u00e9micos, profesionales y estudiantes, se [&hellip;]<\/p>\n","protected":false},"author":3,"featured_media":2029,"comment_status":"closed","ping_status":"open","sticky":false,"template":"","format":"standard","meta":{"om_disable_all_campaigns":false,"_uag_custom_page_level_css":"","_monsterinsights_skip_tracking":false,"_monsterinsights_sitenote_active":false,"_monsterinsights_sitenote_note":"","_monsterinsights_sitenote_category":0,"site-sidebar-layout":"default","site-content-layout":"","ast-site-content-layout":"default","site-content-style":"default","site-sidebar-style":"default","ast-global-header-display":"","ast-banner-title-visibility":"","ast-main-header-display":"","ast-hfb-above-header-display":"","ast-hfb-below-header-display":"","ast-hfb-mobile-header-display":"","site-post-title":"","ast-breadcrumbs-content":"","ast-featured-img":"disabled","footer-sml-layout":"","ast-disable-related-posts":"","theme-transparent-header-meta":"","adv-header-id-meta":"","stick-header-meta":"","header-above-stick-meta":"","header-main-stick-meta":"","header-below-stick-meta":"","astra-migrate-meta-layouts":"set","ast-page-background-enabled":"default","ast-page-background-meta":{"desktop":{"background-color":"var(--ast-global-color-4)","background-image":"","background-repeat":"repeat","background-position":"center center","background-size":"auto","background-attachment":"scroll","background-type":"","background-media":"","overlay-type":"","overlay-color":"","overlay-opacity":"","overlay-gradient":""},"tablet":{"background-color":"","background-image":"","background-repeat":"repeat","background-position":"center center","background-size":"auto","background-attachment":"scroll","background-type":"","background-media":"","overlay-type":"","overlay-color":"","overlay-opacity":"","overlay-gradient":""},"mobile":{"background-color":"","background-image":"","background-repeat":"repeat","background-position":"center center","background-size":"auto","background-attachment":"scroll","background-type":"","background-media":"","overlay-type":"","overlay-color":"","overlay-opacity":"","overlay-gradient":""}},"ast-content-background-meta":{"desktop":{"background-color":"var(--ast-global-color-5)","background-image":"","background-repeat":"repeat","background-position":"center center","background-size":"auto","background-attachment":"scroll","background-type":"","background-media":"","overlay-type":"","overlay-color":"","overlay-opacity":"","overlay-gradient":""},"tablet":{"background-color":"var(--ast-global-color-5)","background-image":"","background-repeat":"repeat","background-position":"center center","background-size":"auto","background-attachment":"scroll","background-type":"","background-media":"","overlay-type":"","overlay-color":"","overlay-opacity":"","overlay-gradient":""},"mobile":{"background-color":"var(--ast-global-color-5)","background-image":"","background-repeat":"repeat","background-position":"center center","background-size":"auto","background-attachment":"scroll","background-type":"","background-media":"","overlay-type":"","overlay-color":"","overlay-opacity":"","overlay-gradient":""}},"footnotes":""},"categories":[1],"tags":[],"class_list":["post-2025","post","type-post","status-publish","format-standard","has-post-thumbnail","hentry","category-sin-categoria"],"yoast_head":"<!-- This site is optimized with the Yoast SEO plugin v27.4 - https:\/\/yoast.com\/product\/yoast-seo-wordpress\/ -->\n<title>Convocatoria I Congreso sobre Liderazgo y Digitalizaci\u00f3n - Digylid<\/title>\n<meta name=\"robots\" content=\"index, follow, max-snippet:-1, max-image-preview:large, max-video-preview:-1\" \/>\n<link rel=\"canonical\" href=\"https:\/\/digylid.uv.es\/?p=2025\" \/>\n<meta property=\"og:locale\" content=\"es_ES\" \/>\n<meta property=\"og:type\" content=\"article\" \/>\n<meta property=\"og:title\" content=\"Convocatoria I Congreso sobre Liderazgo y Digitalizaci\u00f3n - Digylid\" \/>\n<meta property=\"og:description\" content=\"El pr\u00f3ximo 7 de mayo de 2025, la Universidad de Valencia y Digylid acoger\u00e1n el I Congreso sobre Liderazgo y Digitalizaci\u00f3n, un evento centrado en los retos y oportunidades que presenta la digitalizaci\u00f3n para el desarrollo de competencias de liderazgo y trabajo en equipo. Este congreso, gratuito y dirigido a acad\u00e9micos, profesionales y estudiantes, se [&hellip;]\" \/>\n<meta property=\"og:url\" content=\"https:\/\/digylid.uv.es\/?p=2025\" \/>\n<meta property=\"og:site_name\" content=\"Digylid\" \/>\n<meta property=\"article:published_time\" content=\"2025-04-02T11:36:24+00:00\" \/>\n<meta property=\"article:modified_time\" content=\"2025-05-16T07:52:43+00:00\" \/>\n<meta property=\"og:image\" content=\"https:\/\/digylid.uv.es\/wp-content\/uploads\/2025\/04\/1741969692104.jpg\" \/>\n\t<meta property=\"og:image:width\" content=\"946\" \/>\n\t<meta property=\"og:image:height\" content=\"663\" \/>\n\t<meta property=\"og:image:type\" content=\"image\/jpeg\" \/>\n<meta name=\"author\" content=\"Felipe Bravo Duarte\" \/>\n<meta name=\"twitter:card\" content=\"summary_large_image\" \/>\n<meta name=\"twitter:label1\" content=\"Escrito por\" \/>\n\t<meta name=\"twitter:data1\" content=\"\" \/>\n\t<meta name=\"twitter:label2\" content=\"Tiempo de lectura\" \/>\n\t<meta name=\"twitter:data2\" content=\"2 minutos\" \/>\n<script type=\"application\/ld+json\" class=\"yoast-schema-graph\">{\"@context\":\"https:\\\/\\\/schema.org\",\"@graph\":[{\"@type\":\"Article\",\"@id\":\"https:\\\/\\\/digylid.uv.es\\\/?p=2025#article\",\"isPartOf\":{\"@id\":\"https:\\\/\\\/digylid.uv.es\\\/?p=2025\"},\"author\":{\"name\":\"Felipe Bravo Duarte\",\"@id\":\"https:\\\/\\\/digylid.uv.es\\\/#\\\/schema\\\/person\\\/1065b3777de56ffe6cc88e22e608d8d2\"},\"headline\":\"Convocatoria I Congreso sobre Liderazgo y Digitalizaci\u00f3n\",\"datePublished\":\"2025-04-02T11:36:24+00:00\",\"dateModified\":\"2025-05-16T07:52:43+00:00\",\"mainEntityOfPage\":{\"@id\":\"https:\\\/\\\/digylid.uv.es\\\/?p=2025\"},\"wordCount\":324,\"publisher\":{\"@id\":\"https:\\\/\\\/digylid.uv.es\\\/#organization\"},\"image\":{\"@id\":\"https:\\\/\\\/digylid.uv.es\\\/?p=2025#primaryimage\"},\"thumbnailUrl\":\"https:\\\/\\\/digylid.uv.es\\\/wp-content\\\/uploads\\\/2025\\\/04\\\/1741969692104.jpg\",\"inLanguage\":\"es\"},{\"@type\":\"WebPage\",\"@id\":\"https:\\\/\\\/digylid.uv.es\\\/?p=2025\",\"url\":\"https:\\\/\\\/digylid.uv.es\\\/?p=2025\",\"name\":\"Convocatoria I Congreso sobre Liderazgo y Digitalizaci\u00f3n - Digylid\",\"isPartOf\":{\"@id\":\"https:\\\/\\\/digylid.uv.es\\\/#website\"},\"primaryImageOfPage\":{\"@id\":\"https:\\\/\\\/digylid.uv.es\\\/?p=2025#primaryimage\"},\"image\":{\"@id\":\"https:\\\/\\\/digylid.uv.es\\\/?p=2025#primaryimage\"},\"thumbnailUrl\":\"https:\\\/\\\/digylid.uv.es\\\/wp-content\\\/uploads\\\/2025\\\/04\\\/1741969692104.jpg\",\"datePublished\":\"2025-04-02T11:36:24+00:00\",\"dateModified\":\"2025-05-16T07:52:43+00:00\",\"breadcrumb\":{\"@id\":\"https:\\\/\\\/digylid.uv.es\\\/?p=2025#breadcrumb\"},\"inLanguage\":\"es\",\"potentialAction\":[{\"@type\":\"ReadAction\",\"target\":[\"https:\\\/\\\/digylid.uv.es\\\/?p=2025\"]}]},{\"@type\":\"ImageObject\",\"inLanguage\":\"es\",\"@id\":\"https:\\\/\\\/digylid.uv.es\\\/?p=2025#primaryimage\",\"url\":\"https:\\\/\\\/digylid.uv.es\\\/wp-content\\\/uploads\\\/2025\\\/04\\\/1741969692104.jpg\",\"contentUrl\":\"https:\\\/\\\/digylid.uv.es\\\/wp-content\\\/uploads\\\/2025\\\/04\\\/1741969692104.jpg\",\"width\":946,\"height\":663},{\"@type\":\"BreadcrumbList\",\"@id\":\"https:\\\/\\\/digylid.uv.es\\\/?p=2025#breadcrumb\",\"itemListElement\":[{\"@type\":\"ListItem\",\"position\":1,\"name\":\"Portada\",\"item\":\"https:\\\/\\\/digylid.uv.es\\\/\"},{\"@type\":\"ListItem\",\"position\":2,\"name\":\"Convocatoria I Congreso sobre Liderazgo y Digitalizaci\u00f3n\"}]},{\"@type\":\"WebSite\",\"@id\":\"https:\\\/\\\/digylid.uv.es\\\/#website\",\"url\":\"https:\\\/\\\/digylid.uv.es\\\/\",\"name\":\"Digylid\",\"description\":\"Formaci\u00f3n en liderazgo\",\"publisher\":{\"@id\":\"https:\\\/\\\/digylid.uv.es\\\/#organization\"},\"potentialAction\":[{\"@type\":\"SearchAction\",\"target\":{\"@type\":\"EntryPoint\",\"urlTemplate\":\"https:\\\/\\\/digylid.uv.es\\\/?s={search_term_string}\"},\"query-input\":{\"@type\":\"PropertyValueSpecification\",\"valueRequired\":true,\"valueName\":\"search_term_string\"}}],\"inLanguage\":\"es\"},{\"@type\":\"Organization\",\"@id\":\"https:\\\/\\\/digylid.uv.es\\\/#organization\",\"name\":\"Digylid\",\"url\":\"https:\\\/\\\/digylid.uv.es\\\/\",\"logo\":{\"@type\":\"ImageObject\",\"inLanguage\":\"es\",\"@id\":\"https:\\\/\\\/digylid.uv.es\\\/#\\\/schema\\\/logo\\\/image\\\/\",\"url\":\"https:\\\/\\\/digylid.uv.es\\\/wp-content\\\/uploads\\\/2022\\\/05\\\/Digylid.png\",\"contentUrl\":\"https:\\\/\\\/digylid.uv.es\\\/wp-content\\\/uploads\\\/2022\\\/05\\\/Digylid.png\",\"width\":2728,\"height\":2627,\"caption\":\"Digylid\"},\"image\":{\"@id\":\"https:\\\/\\\/digylid.uv.es\\\/#\\\/schema\\\/logo\\\/image\\\/\"}},{\"@type\":\"Person\",\"@id\":\"https:\\\/\\\/digylid.uv.es\\\/#\\\/schema\\\/person\\\/1065b3777de56ffe6cc88e22e608d8d2\",\"name\":\"Felipe Bravo Duarte\",\"image\":{\"@type\":\"ImageObject\",\"inLanguage\":\"es\",\"@id\":\"https:\\\/\\\/secure.gravatar.com\\\/avatar\\\/efda48ea7749ce762b4e56e01e78a66b7515b4d9c0accb6c938b2cf0101990d6?s=96&d=mm&r=g\",\"url\":\"https:\\\/\\\/secure.gravatar.com\\\/avatar\\\/efda48ea7749ce762b4e56e01e78a66b7515b4d9c0accb6c938b2cf0101990d6?s=96&d=mm&r=g\",\"contentUrl\":\"https:\\\/\\\/secure.gravatar.com\\\/avatar\\\/efda48ea7749ce762b4e56e01e78a66b7515b4d9c0accb6c938b2cf0101990d6?s=96&d=mm&r=g\",\"caption\":\"Felipe Bravo Duarte\"},\"url\":\"https:\\\/\\\/digylid.uv.es\\\/?author=3\"}]}<\/script>\n<!-- \/ Yoast SEO plugin. -->","yoast_head_json":{"title":"Convocatoria I Congreso sobre Liderazgo y Digitalizaci\u00f3n - Digylid","robots":{"index":"index","follow":"follow","max-snippet":"max-snippet:-1","max-image-preview":"max-image-preview:large","max-video-preview":"max-video-preview:-1"},"canonical":"https:\/\/digylid.uv.es\/?p=2025","og_locale":"es_ES","og_type":"article","og_title":"Convocatoria I Congreso sobre Liderazgo y Digitalizaci\u00f3n - Digylid","og_description":"El pr\u00f3ximo 7 de mayo de 2025, la Universidad de Valencia y Digylid acoger\u00e1n el I Congreso sobre Liderazgo y Digitalizaci\u00f3n, un evento centrado en los retos y oportunidades que presenta la digitalizaci\u00f3n para el desarrollo de competencias de liderazgo y trabajo en equipo. Este congreso, gratuito y dirigido a acad\u00e9micos, profesionales y estudiantes, se [&hellip;]","og_url":"https:\/\/digylid.uv.es\/?p=2025","og_site_name":"Digylid","article_published_time":"2025-04-02T11:36:24+00:00","article_modified_time":"2025-05-16T07:52:43+00:00","og_image":[{"width":946,"height":663,"url":"https:\/\/digylid.uv.es\/wp-content\/uploads\/2025\/04\/1741969692104.jpg","type":"image\/jpeg"}],"author":"Felipe Bravo Duarte","twitter_card":"summary_large_image","twitter_misc":{"Escrito por":false,"Tiempo de lectura":"2 minutos"},"schema":{"@context":"https:\/\/schema.org","@graph":[{"@type":"Article","@id":"https:\/\/digylid.uv.es\/?p=2025#article","isPartOf":{"@id":"https:\/\/digylid.uv.es\/?p=2025"},"author":{"name":"Felipe Bravo Duarte","@id":"https:\/\/digylid.uv.es\/#\/schema\/person\/1065b3777de56ffe6cc88e22e608d8d2"},"headline":"Convocatoria I Congreso sobre Liderazgo y Digitalizaci\u00f3n","datePublished":"2025-04-02T11:36:24+00:00","dateModified":"2025-05-16T07:52:43+00:00","mainEntityOfPage":{"@id":"https:\/\/digylid.uv.es\/?p=2025"},"wordCount":324,"publisher":{"@id":"https:\/\/digylid.uv.es\/#organization"},"image":{"@id":"https:\/\/digylid.uv.es\/?p=2025#primaryimage"},"thumbnailUrl":"https:\/\/digylid.uv.es\/wp-content\/uploads\/2025\/04\/1741969692104.jpg","inLanguage":"es"},{"@type":"WebPage","@id":"https:\/\/digylid.uv.es\/?p=2025","url":"https:\/\/digylid.uv.es\/?p=2025","name":"Convocatoria I Congreso sobre Liderazgo y Digitalizaci\u00f3n - Digylid","isPartOf":{"@id":"https:\/\/digylid.uv.es\/#website"},"primaryImageOfPage":{"@id":"https:\/\/digylid.uv.es\/?p=2025#primaryimage"},"image":{"@id":"https:\/\/digylid.uv.es\/?p=2025#primaryimage"},"thumbnailUrl":"https:\/\/digylid.uv.es\/wp-content\/uploads\/2025\/04\/1741969692104.jpg","datePublished":"2025-04-02T11:36:24+00:00","dateModified":"2025-05-16T07:52:43+00:00","breadcrumb":{"@id":"https:\/\/digylid.uv.es\/?p=2025#breadcrumb"},"inLanguage":"es","potentialAction":[{"@type":"ReadAction","target":["https:\/\/digylid.uv.es\/?p=2025"]}]},{"@type":"ImageObject","inLanguage":"es","@id":"https:\/\/digylid.uv.es\/?p=2025#primaryimage","url":"https:\/\/digylid.uv.es\/wp-content\/uploads\/2025\/04\/1741969692104.jpg","contentUrl":"https:\/\/digylid.uv.es\/wp-content\/uploads\/2025\/04\/1741969692104.jpg","width":946,"height":663},{"@type":"BreadcrumbList","@id":"https:\/\/digylid.uv.es\/?p=2025#breadcrumb","itemListElement":[{"@type":"ListItem","position":1,"name":"Portada","item":"https:\/\/digylid.uv.es\/"},{"@type":"ListItem","position":2,"name":"Convocatoria I Congreso sobre Liderazgo y Digitalizaci\u00f3n"}]},{"@type":"WebSite","@id":"https:\/\/digylid.uv.es\/#website","url":"https:\/\/digylid.uv.es\/","name":"Digylid","description":"Formaci\u00f3n en liderazgo","publisher":{"@id":"https:\/\/digylid.uv.es\/#organization"},"potentialAction":[{"@type":"SearchAction","target":{"@type":"EntryPoint","urlTemplate":"https:\/\/digylid.uv.es\/?s={search_term_string}"},"query-input":{"@type":"PropertyValueSpecification","valueRequired":true,"valueName":"search_term_string"}}],"inLanguage":"es"},{"@type":"Organization","@id":"https:\/\/digylid.uv.es\/#organization","name":"Digylid","url":"https:\/\/digylid.uv.es\/","logo":{"@type":"ImageObject","inLanguage":"es","@id":"https:\/\/digylid.uv.es\/#\/schema\/logo\/image\/","url":"https:\/\/digylid.uv.es\/wp-content\/uploads\/2022\/05\/Digylid.png","contentUrl":"https:\/\/digylid.uv.es\/wp-content\/uploads\/2022\/05\/Digylid.png","width":2728,"height":2627,"caption":"Digylid"},"image":{"@id":"https:\/\/digylid.uv.es\/#\/schema\/logo\/image\/"}},{"@type":"Person","@id":"https:\/\/digylid.uv.es\/#\/schema\/person\/1065b3777de56ffe6cc88e22e608d8d2","name":"Felipe Bravo Duarte","image":{"@type":"ImageObject","inLanguage":"es","@id":"https:\/\/secure.gravatar.com\/avatar\/efda48ea7749ce762b4e56e01e78a66b7515b4d9c0accb6c938b2cf0101990d6?s=96&d=mm&r=g","url":"https:\/\/secure.gravatar.com\/avatar\/efda48ea7749ce762b4e56e01e78a66b7515b4d9c0accb6c938b2cf0101990d6?s=96&d=mm&r=g","contentUrl":"https:\/\/secure.gravatar.com\/avatar\/efda48ea7749ce762b4e56e01e78a66b7515b4d9c0accb6c938b2cf0101990d6?s=96&d=mm&r=g","caption":"Felipe Bravo Duarte"},"url":"https:\/\/digylid.uv.es\/?author=3"}]}},"uagb_featured_image_src":{"full":["https:\/\/digylid.uv.es\/wp-content\/uploads\/2025\/04\/1741969692104.jpg",946,663,false],"thumbnail":["https:\/\/digylid.uv.es\/wp-content\/uploads\/2025\/04\/1741969692104-150x150.jpg",150,150,true],"medium":["https:\/\/digylid.uv.es\/wp-content\/uploads\/2025\/04\/1741969692104-300x210.jpg",300,210,true],"medium_large":["https:\/\/digylid.uv.es\/wp-content\/uploads\/2025\/04\/1741969692104-768x538.jpg",768,538,true],"large":["https:\/\/digylid.uv.es\/wp-content\/uploads\/2025\/04\/1741969692104.jpg",946,663,false],"1536x1536":["https:\/\/digylid.uv.es\/wp-content\/uploads\/2025\/04\/1741969692104.jpg",946,663,false],"2048x2048":["https:\/\/digylid.uv.es\/wp-content\/uploads\/2025\/04\/1741969692104.jpg",946,663,false]},"uagb_author_info":{"display_name":false,"author_link":"https:\/\/digylid.uv.es\/?author=3"},"uagb_comment_info":0,"uagb_excerpt":"El pr\u00f3ximo 7 de mayo de 2025, la Universidad de Valencia y Digylid acoger\u00e1n el I Congreso sobre Liderazgo y Digitalizaci\u00f3n, un evento centrado en los retos y oportunidades que presenta la digitalizaci\u00f3n para el desarrollo de competencias de liderazgo y trabajo en equipo. Este congreso, gratuito y dirigido a acad\u00e9micos, profesionales y estudiantes, se&hellip;","_links":{"self":[{"href":"https:\/\/digylid.uv.es\/index.php?rest_route=\/wp\/v2\/posts\/2025","targetHints":{"allow":["GET"]}}],"collection":[{"href":"https:\/\/digylid.uv.es\/index.php?rest_route=\/wp\/v2\/posts"}],"about":[{"href":"https:\/\/digylid.uv.es\/index.php?rest_route=\/wp\/v2\/types\/post"}],"author":[{"embeddable":true,"href":"https:\/\/digylid.uv.es\/index.php?rest_route=\/wp\/v2\/users\/3"}],"replies":[{"embeddable":true,"href":"https:\/\/digylid.uv.es\/index.php?rest_route=%2Fwp%2Fv2%2Fcomments&post=2025"}],"version-history":[{"count":3,"href":"https:\/\/digylid.uv.es\/index.php?rest_route=\/wp\/v2\/posts\/2025\/revisions"}],"predecessor-version":[{"id":2036,"href":"https:\/\/digylid.uv.es\/index.php?rest_route=\/wp\/v2\/posts\/2025\/revisions\/2036"}],"wp:featuredmedia":[{"embeddable":true,"href":"https:\/\/digylid.uv.es\/index.php?rest_route=\/wp\/v2\/media\/2029"}],"wp:attachment":[{"href":"https:\/\/digylid.uv.es\/index.php?rest_route=%2Fwp%2Fv2%2Fmedia&parent=2025"}],"wp:term":[{"taxonomy":"category","embeddable":true,"href":"https:\/\/digylid.uv.es\/index.php?rest_route=%2Fwp%2Fv2%2Fcategories&post=2025"},{"taxonomy":"post_tag","embeddable":true,"href":"https:\/\/digylid.uv.es\/index.php?rest_route=%2Fwp%2Fv2%2Ftags&post=2025"}],"curies":[{"name":"wp","href":"https:\/\/api.w.org\/{rel}","templated":true}]}}